{"id":10192,"date":"2019-06-11T09:23:28","date_gmt":"2019-06-11T12:23:28","guid":{"rendered":"https:\/\/proad.ufpr.br\/ru\/?p=10192"},"modified":"2019-06-19T11:44:16","modified_gmt":"2019-06-19T14:44:16","slug":"cronograma-de-funcionamento-dos-restaurantes-universitarios-rus-da-ufpr-no-mes-de-julho","status":"publish","type":"post","link":"https:\/\/proad.ufpr.br\/ru\/2019\/06\/11\/cronograma-de-funcionamento-dos-restaurantes-universitarios-rus-da-ufpr-no-mes-de-julho\/","title":{"rendered":"Cronograma de funcionamento dos Restaurantes Universit\u00e1rios (RUs) da UFPR no m\u00eas de julho"},"content":{"rendered":"<h6>Informamos que o fechamento de nove unidades (Central, Polit\u00e9cnico, Bot\u00e2nico, Agr\u00e1rias, Jandaia do Sul, Palotina, Pontal do Paran\u00e1, Matinhos e Mirassol) ocorrer\u00e1 por per\u00edodos que v\u00e3o de 14 a 25 dias. J\u00e1 o RU de Toledo abrir\u00e1 apenas no almo\u00e7o durante 21 dias.<br \/>\nA venda de vouchers para alunos do Campus Rebou\u00e7as, que t\u00eam usado o restaurante universit\u00e1rio da Universidade Tecnol\u00f3gica Federal do Paran\u00e1 (UTFPR), seguir\u00e1 o mesmo cronograma de funcionamento dos RUs de Curitiba.<\/h6>\n<h6 style=\"text-align: justify;background: white\"><strong><span style=\"font-size: 11.0pt;font-family: 'Helvetica','sans-serif';color: black\">Central<\/span><\/strong><\/h6>\n<p style=\"text-align: justify;background: white\"><span style=\"font-size: 11.0pt;font-family: 'Helvetica','sans-serif';color: black\">Aberto: 1\/7 a 7\/7<br \/>\nFechado: 8\/7 a 21\/7<br \/>\nAberto: 22\/7 em diante<\/span><\/p>\n<p style=\"text-align: justify;background: white\"><strong style=\"line-height: inherit\"><span style=\"font-size: 11.0pt;font-family: 'Helvetica','sans-serif';color: black\">Polit\u00e9cnico, Bot\u00e2nico, Agr\u00e1rias, Palotina, Jandaia do Sul e Rebou\u00e7as (venda de vouchers)<\/span><\/strong><\/p>\n<p style=\"text-align: justify;background: white\"><span style=\"font-size: 11.0pt;font-family: 'Helvetica','sans-serif';color: black\">Aberto: 1\/7 a 10\/7<br \/>\nFechado: 11\/7 a 4\/8<br \/>\nAberto: 5\/8 em diante<\/span><\/p>\n<p style=\"text-align: justify;background: white\"><strong style=\"line-height: inherit\"><span style=\"font-size: 11.0pt;font-family: 'Helvetica','sans-serif';color: black\">Litoral, CEM e Mirassol<\/span><\/strong><\/p>\n<p style=\"text-align: justify;background: white\"><span style=\"font-size: 11.0pt;font-family: 'Helvetica','sans-serif';color: black\">Aberto: 1\/7 a 19\/7<br \/>\nFechado: 20\/7 a 4\/8<br \/>\nAberto: 5\/8 em diante<\/span><\/p>\n<p style=\"text-align: justify;background: white\"><strong style=\"line-height: inherit\"><span style=\"font-size: 11.0pt;font-family: 'Helvetica','sans-serif';color: black\">Toledo<\/span><\/strong><\/p>\n<p style=\"text-align: justify;background: white\"><span style=\"font-size: 11.0pt;font-family: 'Helvetica','sans-serif';color: black\">Aberto apenas para almo\u00e7o: 1\/7 a 19\/7<br \/>\n<\/span><span style=\"font-size: 11.0pt;font-family: 'Helvetica','sans-serif';color: black\">Hor\u00e1rio: <strong>11h15min \u00e0s 12h45min<\/strong><br \/>\nAberto: 22\/7 em diante<\/span><\/p>\n","protected":false},"excerpt":{"rendered":"<p>Informamos que o fechamento de nove unidades (Central, Polit\u00e9cnico, Bot\u00e2nico, Agr\u00e1rias, Jandaia do Sul, Palotina, Pontal do Paran\u00e1, Matinhos e Mirassol) ocorrer\u00e1 por per\u00edodos que v\u00e3o de 14 a 25 dias. J\u00e1 o RU de Toledo abrir\u00e1 apenas no almo\u00e7o durante 21 dias. A venda de vouchers para alunos do Campus Rebou\u00e7as, que t\u00eam usado [&hellip;]<\/p>\n","protected":false},"author":10,"featured_media":0,"comment_status":"closed","ping_status":"closed","sticky":false,"template":"","format":"standard","meta":{"ngg_post_thumbnail":0,"footnotes":""},"categories":[3],"tags":[],"class_list":["post-10192","post","type-post","status-publish","format-standard","hentry","category-restaurante-universitario"],"_links":{"self":[{"href":"https:\/\/proad.ufpr.br\/ru\/wp-json\/wp\/v2\/posts\/10192","targetHints":{"allow":["GET"]}}],"collection":[{"href":"https:\/\/proad.ufpr.br\/ru\/wp-json\/wp\/v2\/posts"}],"about":[{"href":"https:\/\/proad.ufpr.br\/ru\/wp-json\/wp\/v2\/types\/post"}],"author":[{"embeddable":true,"href":"https:\/\/proad.ufpr.br\/ru\/wp-json\/wp\/v2\/users\/10"}],"replies":[{"embeddable":true,"href":"https:\/\/proad.ufpr.br\/ru\/wp-json\/wp\/v2\/comments?post=10192"}],"version-history":[{"count":6,"href":"https:\/\/proad.ufpr.br\/ru\/wp-json\/wp\/v2\/posts\/10192\/revisions"}],"predecessor-version":[{"id":10558,"href":"https:\/\/proad.ufpr.br\/ru\/wp-json\/wp\/v2\/posts\/10192\/revisions\/10558"}],"wp:attachment":[{"href":"https:\/\/proad.ufpr.br\/ru\/wp-json\/wp\/v2\/media?parent=10192"}],"wp:term":[{"taxonomy":"category","embeddable":true,"href":"https:\/\/proad.ufpr.br\/ru\/wp-json\/wp\/v2\/categories?post=10192"},{"taxonomy":"post_tag","embeddable":true,"href":"https:\/\/proad.ufpr.br\/ru\/wp-json\/wp\/v2\/tags?post=10192"}],"curies":[{"name":"wp","href":"https:\/\/api.w.org\/{rel}","templated":true}]}}