{"id":897,"date":"2019-11-07T09:33:44","date_gmt":"2019-11-07T12:33:44","guid":{"rendered":"https:\/\/proad.ufpr.br\/centran\/?p=897"},"modified":"2019-11-07T09:34:11","modified_gmt":"2019-11-07T12:34:11","slug":"paralisacao-intercampi-extra","status":"publish","type":"post","link":"https:\/\/proad.ufpr.br\/centran\/2019\/11\/07\/paralisacao-intercampi-extra\/","title":{"rendered":"Interrup\u00e7\u00e3o Intercampi EXTRA"},"content":{"rendered":"<p>Por motivos de manuten\u00e7\u00e3o emergencial, linha EXTRA do Intercampi n\u00e3o circular\u00e1 durante o dia de hoje 07\/11\/2019.<\/p>\n<p>&nbsp;<\/p>\n<p>Atenciosamente<\/p>\n<p>&nbsp;<\/p>\n<p>Dire\u00e7\u00e3o CENTRAN<\/p>\n","protected":false},"excerpt":{"rendered":"<p>Por motivos de manuten\u00e7\u00e3o emergencial, linha EXTRA do Intercampi n\u00e3o circular\u00e1 durante o dia de hoje 07\/11\/2019. &nbsp; Atenciosamente &nbsp; Dire\u00e7\u00e3o CENTRAN<\/p>\n","protected":false},"author":1760,"featured_media":0,"comment_status":"closed","ping_status":"closed","sticky":false,"template":"","format":"standard","meta":{"ngg_post_thumbnail":0,"footnotes":""},"categories":[3],"tags":[],"class_list":["post-897","post","type-post","status-publish","format-standard","hentry","category-central-de-transportes"],"_links":{"self":[{"href":"https:\/\/proad.ufpr.br\/centran\/wp-json\/wp\/v2\/posts\/897","targetHints":{"allow":["GET"]}}],"collection":[{"href":"https:\/\/proad.ufpr.br\/centran\/wp-json\/wp\/v2\/posts"}],"about":[{"href":"https:\/\/proad.ufpr.br\/centran\/wp-json\/wp\/v2\/types\/post"}],"author":[{"embeddable":true,"href":"https:\/\/proad.ufpr.br\/centran\/wp-json\/wp\/v2\/users\/1760"}],"replies":[{"embeddable":true,"href":"https:\/\/proad.ufpr.br\/centran\/wp-json\/wp\/v2\/comments?post=897"}],"version-history":[{"count":2,"href":"https:\/\/proad.ufpr.br\/centran\/wp-json\/wp\/v2\/posts\/897\/revisions"}],"predecessor-version":[{"id":903,"href":"https:\/\/proad.ufpr.br\/centran\/wp-json\/wp\/v2\/posts\/897\/revisions\/903"}],"wp:attachment":[{"href":"https:\/\/proad.ufpr.br\/centran\/wp-json\/wp\/v2\/media?parent=897"}],"wp:term":[{"taxonomy":"category","embeddable":true,"href":"https:\/\/proad.ufpr.br\/centran\/wp-json\/wp\/v2\/categories?post=897"},{"taxonomy":"post_tag","embeddable":true,"href":"https:\/\/proad.ufpr.br\/centran\/wp-json\/wp\/v2\/tags?post=897"}],"curies":[{"name":"wp","href":"https:\/\/api.w.org\/{rel}","templated":true}]}}