{"id":862,"date":"2019-09-13T09:31:19","date_gmt":"2019-09-13T12:31:19","guid":{"rendered":"https:\/\/proad.ufpr.br\/centran\/?p=862"},"modified":"2019-09-13T09:31:19","modified_gmt":"2019-09-13T12:31:19","slug":"interrupcao-linha-extra-intercampi-por-manutencao-de-grande-porte","status":"publish","type":"post","link":"https:\/\/proad.ufpr.br\/centran\/2019\/09\/13\/interrupcao-linha-extra-intercampi-por-manutencao-de-grande-porte\/","title":{"rendered":"Interrup\u00e7\u00e3o linha EXTRA intercampi por manuten\u00e7\u00e3o de grande porte."},"content":{"rendered":"<p>&nbsp;<\/p>\n<p>Por motivo de manuten\u00e7\u00e3o corretiva de grande porte, linha EXTRA do intercampi ficar\u00e1 sem circular entre os dias 16 a 20 de setembro com retorno estimado para o pr\u00f3ximo dia 23\/09.<\/p>\n<p>&nbsp;<\/p>\n<p>Caso manuten\u00e7\u00e3o termine antes do previsto linha EXTRA passar\u00e1 a circular imediatamente, avisaremos por este canal se isto acontecer.<\/p>\n<p>&nbsp;<\/p>\n<p>Grato pela aten\u00e7\u00e3o de todos<\/p>\n<p>Dire\u00e7\u00e3o CENTRAN.<\/p>\n","protected":false},"excerpt":{"rendered":"<p>&nbsp; Por motivo de manuten\u00e7\u00e3o corretiva de grande porte, linha EXTRA do intercampi ficar\u00e1 sem circular entre os dias 16 a 20 de setembro com retorno estimado para o pr\u00f3ximo dia 23\/09. &nbsp; Caso manuten\u00e7\u00e3o termine antes do previsto linha EXTRA passar\u00e1 a circular imediatamente, avisaremos por este canal se isto acontecer. &nbsp; Grato pela [&hellip;]<\/p>\n","protected":false},"author":1760,"featured_media":0,"comment_status":"closed","ping_status":"closed","sticky":false,"template":"","format":"standard","meta":{"ngg_post_thumbnail":0,"footnotes":""},"categories":[3],"tags":[],"class_list":["post-862","post","type-post","status-publish","format-standard","hentry","category-central-de-transportes"],"_links":{"self":[{"href":"https:\/\/proad.ufpr.br\/centran\/wp-json\/wp\/v2\/posts\/862","targetHints":{"allow":["GET"]}}],"collection":[{"href":"https:\/\/proad.ufpr.br\/centran\/wp-json\/wp\/v2\/posts"}],"about":[{"href":"https:\/\/proad.ufpr.br\/centran\/wp-json\/wp\/v2\/types\/post"}],"author":[{"embeddable":true,"href":"https:\/\/proad.ufpr.br\/centran\/wp-json\/wp\/v2\/users\/1760"}],"replies":[{"embeddable":true,"href":"https:\/\/proad.ufpr.br\/centran\/wp-json\/wp\/v2\/comments?post=862"}],"version-history":[{"count":4,"href":"https:\/\/proad.ufpr.br\/centran\/wp-json\/wp\/v2\/posts\/862\/revisions"}],"predecessor-version":[{"id":874,"href":"https:\/\/proad.ufpr.br\/centran\/wp-json\/wp\/v2\/posts\/862\/revisions\/874"}],"wp:attachment":[{"href":"https:\/\/proad.ufpr.br\/centran\/wp-json\/wp\/v2\/media?parent=862"}],"wp:term":[{"taxonomy":"category","embeddable":true,"href":"https:\/\/proad.ufpr.br\/centran\/wp-json\/wp\/v2\/categories?post=862"},{"taxonomy":"post_tag","embeddable":true,"href":"https:\/\/proad.ufpr.br\/centran\/wp-json\/wp\/v2\/tags?post=862"}],"curies":[{"name":"wp","href":"https:\/\/api.w.org\/{rel}","templated":true}]}}