{"id":853,"date":"2019-09-11T13:50:55","date_gmt":"2019-09-11T16:50:55","guid":{"rendered":"https:\/\/proad.ufpr.br\/centran\/?p=853"},"modified":"2019-09-11T13:50:55","modified_gmt":"2019-09-11T16:50:55","slug":"manutencao-intercampi-extra-4","status":"publish","type":"post","link":"https:\/\/proad.ufpr.br\/centran\/2019\/09\/11\/manutencao-intercampi-extra-4\/","title":{"rendered":"Manuten\u00e7\u00e3o Intercampi EXTRA"},"content":{"rendered":"<p>Na manh\u00e3 de amanh\u00e3 12\/09\/2019 a linha EXTRA do Intercampi n\u00e3o circular\u00e1 por motivo de manuten\u00e7\u00e3o corretiva do ve\u00edculo.<\/p>\n<p>Linha circular\u00e1 normalmente j\u00e1 a partir da tarde do mesmo dia. N\u00e3o h\u00e1 altera\u00e7\u00e3o nas demais linhas.<\/p>\n<p>&nbsp;<\/p>\n<p>Atenciosamente<\/p>\n<p>Dire\u00e7\u00e3o CENTRAN<\/p>\n","protected":false},"excerpt":{"rendered":"<p>Na manh\u00e3 de amanh\u00e3 12\/09\/2019 a linha EXTRA do Intercampi n\u00e3o circular\u00e1 por motivo de manuten\u00e7\u00e3o corretiva do ve\u00edculo. Linha circular\u00e1 normalmente j\u00e1 a partir da tarde do mesmo dia. N\u00e3o h\u00e1 altera\u00e7\u00e3o nas demais linhas. &nbsp; Atenciosamente Dire\u00e7\u00e3o CENTRAN<\/p>\n","protected":false},"author":1760,"featured_media":0,"comment_status":"closed","ping_status":"closed","sticky":false,"template":"","format":"standard","meta":{"ngg_post_thumbnail":0,"footnotes":""},"categories":[3],"tags":[],"class_list":["post-853","post","type-post","status-publish","format-standard","hentry","category-central-de-transportes"],"_links":{"self":[{"href":"https:\/\/proad.ufpr.br\/centran\/wp-json\/wp\/v2\/posts\/853","targetHints":{"allow":["GET"]}}],"collection":[{"href":"https:\/\/proad.ufpr.br\/centran\/wp-json\/wp\/v2\/posts"}],"about":[{"href":"https:\/\/proad.ufpr.br\/centran\/wp-json\/wp\/v2\/types\/post"}],"author":[{"embeddable":true,"href":"https:\/\/proad.ufpr.br\/centran\/wp-json\/wp\/v2\/users\/1760"}],"replies":[{"embeddable":true,"href":"https:\/\/proad.ufpr.br\/centran\/wp-json\/wp\/v2\/comments?post=853"}],"version-history":[{"count":2,"href":"https:\/\/proad.ufpr.br\/centran\/wp-json\/wp\/v2\/posts\/853\/revisions"}],"predecessor-version":[{"id":859,"href":"https:\/\/proad.ufpr.br\/centran\/wp-json\/wp\/v2\/posts\/853\/revisions\/859"}],"wp:attachment":[{"href":"https:\/\/proad.ufpr.br\/centran\/wp-json\/wp\/v2\/media?parent=853"}],"wp:term":[{"taxonomy":"category","embeddable":true,"href":"https:\/\/proad.ufpr.br\/centran\/wp-json\/wp\/v2\/categories?post=853"},{"taxonomy":"post_tag","embeddable":true,"href":"https:\/\/proad.ufpr.br\/centran\/wp-json\/wp\/v2\/tags?post=853"}],"curies":[{"name":"wp","href":"https:\/\/api.w.org\/{rel}","templated":true}]}}