{"id":841,"date":"2019-09-05T15:17:51","date_gmt":"2019-09-05T18:17:51","guid":{"rendered":"https:\/\/proad.ufpr.br\/centran\/?p=841"},"modified":"2019-09-05T15:17:51","modified_gmt":"2019-09-05T18:17:51","slug":"prorrogacao-interrupcao-intercampi-extra","status":"publish","type":"post","link":"https:\/\/proad.ufpr.br\/centran\/2019\/09\/05\/prorrogacao-interrupcao-intercampi-extra\/","title":{"rendered":"Prorroga\u00e7\u00e3o interrup\u00e7\u00e3o Intercampi EXTRA"},"content":{"rendered":"<p>Devido a problemas no fornecimento, pela oficina credenciada, das pe\u00e7as necess\u00e1rias para o conserto do ve\u00edculo utilizado na linha EXTRA, servi\u00e7o retornar\u00e1 somente na pr\u00f3xima ter\u00e7a feira dia 10\/09\/2019.<\/p>\n<p>Sentimos muito pelo inconveniente.<\/p>\n<p>&nbsp;<\/p>\n<p>Atenciosamente<\/p>\n<p>Administra\u00e7\u00e3o CENTRAN<\/p>\n","protected":false},"excerpt":{"rendered":"<p>Devido a problemas no fornecimento, pela oficina credenciada, das pe\u00e7as necess\u00e1rias para o conserto do ve\u00edculo utilizado na linha EXTRA, servi\u00e7o retornar\u00e1 somente na pr\u00f3xima ter\u00e7a feira dia 10\/09\/2019. Sentimos muito pelo inconveniente. &nbsp; Atenciosamente Administra\u00e7\u00e3o CENTRAN<\/p>\n","protected":false},"author":1760,"featured_media":0,"comment_status":"closed","ping_status":"closed","sticky":false,"template":"","format":"standard","meta":{"ngg_post_thumbnail":0,"footnotes":""},"categories":[3],"tags":[],"class_list":["post-841","post","type-post","status-publish","format-standard","hentry","category-central-de-transportes"],"_links":{"self":[{"href":"https:\/\/proad.ufpr.br\/centran\/wp-json\/wp\/v2\/posts\/841","targetHints":{"allow":["GET"]}}],"collection":[{"href":"https:\/\/proad.ufpr.br\/centran\/wp-json\/wp\/v2\/posts"}],"about":[{"href":"https:\/\/proad.ufpr.br\/centran\/wp-json\/wp\/v2\/types\/post"}],"author":[{"embeddable":true,"href":"https:\/\/proad.ufpr.br\/centran\/wp-json\/wp\/v2\/users\/1760"}],"replies":[{"embeddable":true,"href":"https:\/\/proad.ufpr.br\/centran\/wp-json\/wp\/v2\/comments?post=841"}],"version-history":[{"count":1,"href":"https:\/\/proad.ufpr.br\/centran\/wp-json\/wp\/v2\/posts\/841\/revisions"}],"predecessor-version":[{"id":844,"href":"https:\/\/proad.ufpr.br\/centran\/wp-json\/wp\/v2\/posts\/841\/revisions\/844"}],"wp:attachment":[{"href":"https:\/\/proad.ufpr.br\/centran\/wp-json\/wp\/v2\/media?parent=841"}],"wp:term":[{"taxonomy":"category","embeddable":true,"href":"https:\/\/proad.ufpr.br\/centran\/wp-json\/wp\/v2\/categories?post=841"},{"taxonomy":"post_tag","embeddable":true,"href":"https:\/\/proad.ufpr.br\/centran\/wp-json\/wp\/v2\/tags?post=841"}],"curies":[{"name":"wp","href":"https:\/\/api.w.org\/{rel}","templated":true}]}}