{"id":796,"date":"2019-08-15T13:43:20","date_gmt":"2019-08-15T16:43:20","guid":{"rendered":"https:\/\/proad.ufpr.br\/centran\/?p=796"},"modified":"2019-08-21T14:26:09","modified_gmt":"2019-08-21T17:26:09","slug":"circulacao-inter-campi-durante-feira-de-profissoes","status":"publish","type":"post","link":"https:\/\/proad.ufpr.br\/centran\/2019\/08\/15\/circulacao-inter-campi-durante-feira-de-profissoes\/","title":{"rendered":"Circula\u00e7\u00e3o Intercampi EXTRA durante Feira de Profiss\u00f5es"},"content":{"rendered":"<p>Durante os dias 22 e 23 de agosto, dias da feira de profiss\u00f5es, a linha intercampi EXTRA n\u00e3o circular\u00e1.<\/p>\n<p>S\u00e1bado dia 24 n\u00e3o haver\u00e1 altera\u00e7\u00e3o na linha 3 assim como linha inter fazenda que tamb\u00e9m circular\u00e1 normalmente.<\/p>\n<p>&nbsp;<\/p>\n<p>Grato pela aten\u00e7\u00e3o<\/p>\n<p>Dire\u00e7\u00e3o CENTRAN<\/p>\n<p>&nbsp;<\/p>\n","protected":false},"excerpt":{"rendered":"<p>Durante os dias 22 e 23 de agosto, dias da feira de profiss\u00f5es, a linha intercampi EXTRA n\u00e3o circular\u00e1. S\u00e1bado dia 24 n\u00e3o haver\u00e1 altera\u00e7\u00e3o na linha 3 assim como linha inter fazenda que tamb\u00e9m circular\u00e1 normalmente. &nbsp; Grato pela aten\u00e7\u00e3o Dire\u00e7\u00e3o CENTRAN &nbsp;<\/p>\n","protected":false},"author":1760,"featured_media":0,"comment_status":"closed","ping_status":"closed","sticky":false,"template":"","format":"standard","meta":{"ngg_post_thumbnail":0,"footnotes":""},"categories":[3],"tags":[],"class_list":["post-796","post","type-post","status-publish","format-standard","hentry","category-central-de-transportes"],"_links":{"self":[{"href":"https:\/\/proad.ufpr.br\/centran\/wp-json\/wp\/v2\/posts\/796","targetHints":{"allow":["GET"]}}],"collection":[{"href":"https:\/\/proad.ufpr.br\/centran\/wp-json\/wp\/v2\/posts"}],"about":[{"href":"https:\/\/proad.ufpr.br\/centran\/wp-json\/wp\/v2\/types\/post"}],"author":[{"embeddable":true,"href":"https:\/\/proad.ufpr.br\/centran\/wp-json\/wp\/v2\/users\/1760"}],"replies":[{"embeddable":true,"href":"https:\/\/proad.ufpr.br\/centran\/wp-json\/wp\/v2\/comments?post=796"}],"version-history":[{"count":3,"href":"https:\/\/proad.ufpr.br\/centran\/wp-json\/wp\/v2\/posts\/796\/revisions"}],"predecessor-version":[{"id":805,"href":"https:\/\/proad.ufpr.br\/centran\/wp-json\/wp\/v2\/posts\/796\/revisions\/805"}],"wp:attachment":[{"href":"https:\/\/proad.ufpr.br\/centran\/wp-json\/wp\/v2\/media?parent=796"}],"wp:term":[{"taxonomy":"category","embeddable":true,"href":"https:\/\/proad.ufpr.br\/centran\/wp-json\/wp\/v2\/categories?post=796"},{"taxonomy":"post_tag","embeddable":true,"href":"https:\/\/proad.ufpr.br\/centran\/wp-json\/wp\/v2\/tags?post=796"}],"curies":[{"name":"wp","href":"https:\/\/api.w.org\/{rel}","templated":true}]}}