{"id":715,"date":"2019-06-03T11:44:20","date_gmt":"2019-06-03T14:44:20","guid":{"rendered":"https:\/\/proad.ufpr.br\/centran\/?p=715"},"modified":"2019-06-03T12:32:49","modified_gmt":"2019-06-03T15:32:49","slug":"restricao-viagens-corte-de-verbas","status":"publish","type":"post","link":"https:\/\/proad.ufpr.br\/centran\/2019\/06\/03\/restricao-viagens-corte-de-verbas\/","title":{"rendered":"Restri\u00e7\u00e3o Viagens &#8211; Corte de Verbas"},"content":{"rendered":"<p>&nbsp;<\/p>\n<p>Devido a manuten\u00e7\u00e3o do corte de R$ 48 milh\u00f5es sem previs\u00e3o de desbloqueio dos valores pelo MEC, a UFPR emitiu Memorando n\u00ba 22\/2019\/UFPR\/R\/PROPLAN com algumas provid\u00eancias voltadas a economia de recursos at\u00e9 que a situa\u00e7\u00e3o possa ser revertida.<\/p>\n<p>Dentre as provid\u00eancias, as que afetaram diretamente a Central de Transportes s\u00e3o:<\/p>\n<p><em>&#8220;Dever\u00e3o ser autorizadas pelos ordenadores de despesas as solicita\u00e7\u00f5es de transporte de natureza acad\u00eamica ou atividade institucional apenas para viagens at\u00e9 locais com dist\u00e2ncia rodovi\u00e1ria m\u00e1xima de at\u00e9 300 km, a partir da sede. Cada viagem fica limitada ao n\u00famero m\u00e1ximo de 3 di\u00e1rias dos motoristas. Ficam proibidas sa\u00eddas e chagadas entre \u00e0s 18 horas de s\u00e1bado e 06 horas de segunda-feira&#8221;<\/em><\/p>\n<p><em>&#8220;As linhas Intercampi e Interpraias ser\u00e3o interrompidas no m\u00eas de julho&#8221;<\/em><\/p>\n<p>&nbsp;<\/p>\n<p>Acesse documento na integra na p\u00e1gina da UFPR ou clique <a href=\"https:\/\/proad.ufpr.br\/centran\/files\/2019\/06\/Memorando-n\u00ba-22-2019-PROPLAN.pdf\">aqui.<\/a><\/p>\n<p>Atenciosamente<\/p>\n<p>Dire\u00e7\u00e3o CENTRAN<\/p>\n","protected":false},"excerpt":{"rendered":"<p>&nbsp; Devido a manuten\u00e7\u00e3o do corte de R$ 48 milh\u00f5es sem previs\u00e3o de desbloqueio dos valores pelo MEC, a UFPR emitiu Memorando n\u00ba 22\/2019\/UFPR\/R\/PROPLAN com algumas provid\u00eancias voltadas a economia de recursos at\u00e9 que a situa\u00e7\u00e3o possa ser revertida. Dentre as provid\u00eancias, as que afetaram diretamente a Central de Transportes s\u00e3o: &#8220;Dever\u00e3o ser autorizadas pelos [&hellip;]<\/p>\n","protected":false},"author":1760,"featured_media":0,"comment_status":"closed","ping_status":"closed","sticky":false,"template":"","format":"standard","meta":{"ngg_post_thumbnail":0,"footnotes":""},"categories":[3],"tags":[],"class_list":["post-715","post","type-post","status-publish","format-standard","hentry","category-central-de-transportes"],"_links":{"self":[{"href":"https:\/\/proad.ufpr.br\/centran\/wp-json\/wp\/v2\/posts\/715","targetHints":{"allow":["GET"]}}],"collection":[{"href":"https:\/\/proad.ufpr.br\/centran\/wp-json\/wp\/v2\/posts"}],"about":[{"href":"https:\/\/proad.ufpr.br\/centran\/wp-json\/wp\/v2\/types\/post"}],"author":[{"embeddable":true,"href":"https:\/\/proad.ufpr.br\/centran\/wp-json\/wp\/v2\/users\/1760"}],"replies":[{"embeddable":true,"href":"https:\/\/proad.ufpr.br\/centran\/wp-json\/wp\/v2\/comments?post=715"}],"version-history":[{"count":6,"href":"https:\/\/proad.ufpr.br\/centran\/wp-json\/wp\/v2\/posts\/715\/revisions"}],"predecessor-version":[{"id":736,"href":"https:\/\/proad.ufpr.br\/centran\/wp-json\/wp\/v2\/posts\/715\/revisions\/736"}],"wp:attachment":[{"href":"https:\/\/proad.ufpr.br\/centran\/wp-json\/wp\/v2\/media?parent=715"}],"wp:term":[{"taxonomy":"category","embeddable":true,"href":"https:\/\/proad.ufpr.br\/centran\/wp-json\/wp\/v2\/categories?post=715"},{"taxonomy":"post_tag","embeddable":true,"href":"https:\/\/proad.ufpr.br\/centran\/wp-json\/wp\/v2\/tags?post=715"}],"curies":[{"name":"wp","href":"https:\/\/api.w.org\/{rel}","templated":true}]}}