{"id":684,"date":"2018-12-19T08:33:35","date_gmt":"2018-12-19T11:33:35","guid":{"rendered":"https:\/\/proad.ufpr.br\/centran\/?p=684"},"modified":"2018-12-19T08:35:22","modified_gmt":"2018-12-19T11:35:22","slug":"funcionamento-intercampi-periodo-de-ferias","status":"publish","type":"post","link":"https:\/\/proad.ufpr.br\/centran\/2018\/12\/19\/funcionamento-intercampi-periodo-de-ferias\/","title":{"rendered":"Funcionamento Intercampi per\u00edodo de f\u00e9rias"},"content":{"rendered":"<p>A linha intercampi, durante o per\u00edodo de f\u00e9rias, passar\u00e1 a circular com hor\u00e1rios e rotas diferenciados.<\/p>\n<p>Para maiores detalhes, acesse o link abaixo com a tabela de hor\u00e1rio e itiner\u00e1rio do ve\u00edculo.<\/p>\n<p><a href=\"http:\/\/www.prae.ufpr.br\/prae\/noticias\/4511\/\" target=\"_blank\" rel=\"noopener\">http:\/\/www.prae.ufpr.br\/prae\/noticias\/4511\/<\/a><\/p>\n","protected":false},"excerpt":{"rendered":"<p>A linha intercampi, durante o per\u00edodo de f\u00e9rias, passar\u00e1 a circular com hor\u00e1rios e rotas diferenciados. Para maiores detalhes, acesse o link abaixo com a tabela de hor\u00e1rio e itiner\u00e1rio do ve\u00edculo. http:\/\/www.prae.ufpr.br\/prae\/noticias\/4511\/<\/p>\n","protected":false},"author":1760,"featured_media":0,"comment_status":"closed","ping_status":"closed","sticky":false,"template":"","format":"standard","meta":{"ngg_post_thumbnail":0,"footnotes":""},"categories":[3],"tags":[],"class_list":["post-684","post","type-post","status-publish","format-standard","hentry","category-central-de-transportes"],"_links":{"self":[{"href":"https:\/\/proad.ufpr.br\/centran\/wp-json\/wp\/v2\/posts\/684","targetHints":{"allow":["GET"]}}],"collection":[{"href":"https:\/\/proad.ufpr.br\/centran\/wp-json\/wp\/v2\/posts"}],"about":[{"href":"https:\/\/proad.ufpr.br\/centran\/wp-json\/wp\/v2\/types\/post"}],"author":[{"embeddable":true,"href":"https:\/\/proad.ufpr.br\/centran\/wp-json\/wp\/v2\/users\/1760"}],"replies":[{"embeddable":true,"href":"https:\/\/proad.ufpr.br\/centran\/wp-json\/wp\/v2\/comments?post=684"}],"version-history":[{"count":2,"href":"https:\/\/proad.ufpr.br\/centran\/wp-json\/wp\/v2\/posts\/684\/revisions"}],"predecessor-version":[{"id":686,"href":"https:\/\/proad.ufpr.br\/centran\/wp-json\/wp\/v2\/posts\/684\/revisions\/686"}],"wp:attachment":[{"href":"https:\/\/proad.ufpr.br\/centran\/wp-json\/wp\/v2\/media?parent=684"}],"wp:term":[{"taxonomy":"category","embeddable":true,"href":"https:\/\/proad.ufpr.br\/centran\/wp-json\/wp\/v2\/categories?post=684"},{"taxonomy":"post_tag","embeddable":true,"href":"https:\/\/proad.ufpr.br\/centran\/wp-json\/wp\/v2\/tags?post=684"}],"curies":[{"name":"wp","href":"https:\/\/api.w.org\/{rel}","templated":true}]}}