{"id":639,"date":"2018-06-25T09:38:15","date_gmt":"2018-06-25T12:38:15","guid":{"rendered":"https:\/\/proad.ufpr.br\/centran\/?p=639"},"modified":"2018-06-25T09:38:15","modified_gmt":"2018-06-25T12:38:15","slug":"manutencao-intercampi","status":"publish","type":"post","link":"https:\/\/proad.ufpr.br\/centran\/2018\/06\/25\/manutencao-intercampi\/","title":{"rendered":"Manuten\u00e7\u00e3o Intercampi"},"content":{"rendered":"<p>Por motivo de manuten\u00e7\u00e3o em um dos ve\u00edculos da linha Intercampi, a linha EXTRA deixar\u00e1 de circular at\u00e9 o dia 01\u00ba\/06\/18.<\/p>\n<p>Linha extra retornar\u00e1 a circula\u00e7\u00e3o normal no dia 02\/06\/18.<\/p>\n<p>Atenciosamente.<\/p>\n<p>&nbsp;<\/p>\n<p>Equipe CENTRAN<\/p>\n","protected":false},"excerpt":{"rendered":"<p>Por motivo de manuten\u00e7\u00e3o em um dos ve\u00edculos da linha Intercampi, a linha EXTRA deixar\u00e1 de circular at\u00e9 o dia 01\u00ba\/06\/18. Linha extra retornar\u00e1 a circula\u00e7\u00e3o normal no dia 02\/06\/18. Atenciosamente. &nbsp; Equipe CENTRAN<\/p>\n","protected":false},"author":1760,"featured_media":0,"comment_status":"closed","ping_status":"closed","sticky":false,"template":"","format":"standard","meta":{"ngg_post_thumbnail":0,"footnotes":""},"categories":[3],"tags":[],"class_list":["post-639","post","type-post","status-publish","format-standard","hentry","category-central-de-transportes"],"_links":{"self":[{"href":"https:\/\/proad.ufpr.br\/centran\/wp-json\/wp\/v2\/posts\/639","targetHints":{"allow":["GET"]}}],"collection":[{"href":"https:\/\/proad.ufpr.br\/centran\/wp-json\/wp\/v2\/posts"}],"about":[{"href":"https:\/\/proad.ufpr.br\/centran\/wp-json\/wp\/v2\/types\/post"}],"author":[{"embeddable":true,"href":"https:\/\/proad.ufpr.br\/centran\/wp-json\/wp\/v2\/users\/1760"}],"replies":[{"embeddable":true,"href":"https:\/\/proad.ufpr.br\/centran\/wp-json\/wp\/v2\/comments?post=639"}],"version-history":[{"count":2,"href":"https:\/\/proad.ufpr.br\/centran\/wp-json\/wp\/v2\/posts\/639\/revisions"}],"predecessor-version":[{"id":641,"href":"https:\/\/proad.ufpr.br\/centran\/wp-json\/wp\/v2\/posts\/639\/revisions\/641"}],"wp:attachment":[{"href":"https:\/\/proad.ufpr.br\/centran\/wp-json\/wp\/v2\/media?parent=639"}],"wp:term":[{"taxonomy":"category","embeddable":true,"href":"https:\/\/proad.ufpr.br\/centran\/wp-json\/wp\/v2\/categories?post=639"},{"taxonomy":"post_tag","embeddable":true,"href":"https:\/\/proad.ufpr.br\/centran\/wp-json\/wp\/v2\/tags?post=639"}],"curies":[{"name":"wp","href":"https:\/\/api.w.org\/{rel}","templated":true}]}}