{"id":608,"date":"2018-04-11T10:42:43","date_gmt":"2018-04-11T13:42:43","guid":{"rendered":"https:\/\/proad.ufpr.br\/centran\/?p=608"},"modified":"2018-06-25T09:39:58","modified_gmt":"2018-06-25T12:39:58","slug":"manutencao-inter-campi-extra","status":"publish","type":"post","link":"https:\/\/proad.ufpr.br\/centran\/2018\/04\/11\/manutencao-inter-campi-extra\/","title":{"rendered":"Manuten\u00e7\u00e3o Intercampi Extra"},"content":{"rendered":"<p>&nbsp;<\/p>\n<p>Por motivo de manuten\u00e7\u00e3o, informamos que a linha Intercampi Extra n\u00e3o circular\u00e1 nos dias 11 e 12 de abril.<\/p>\n<p>Linha retorna normalmente na sexta feira dia 13 de abril.<\/p>\n<p>&nbsp;<\/p>\n<p>Atenciosamente<\/p>\n<p>&nbsp;<\/p>\n<p>Equipe CENTRAN<\/p>\n","protected":false},"excerpt":{"rendered":"<p>&nbsp; Por motivo de manuten\u00e7\u00e3o, informamos que a linha Intercampi Extra n\u00e3o circular\u00e1 nos dias 11 e 12 de abril. Linha retorna normalmente na sexta feira dia 13 de abril. &nbsp; Atenciosamente &nbsp; Equipe CENTRAN<\/p>\n","protected":false},"author":1760,"featured_media":0,"comment_status":"closed","ping_status":"closed","sticky":false,"template":"","format":"standard","meta":{"ngg_post_thumbnail":0,"footnotes":""},"categories":[3],"tags":[],"class_list":["post-608","post","type-post","status-publish","format-standard","hentry","category-central-de-transportes"],"_links":{"self":[{"href":"https:\/\/proad.ufpr.br\/centran\/wp-json\/wp\/v2\/posts\/608","targetHints":{"allow":["GET"]}}],"collection":[{"href":"https:\/\/proad.ufpr.br\/centran\/wp-json\/wp\/v2\/posts"}],"about":[{"href":"https:\/\/proad.ufpr.br\/centran\/wp-json\/wp\/v2\/types\/post"}],"author":[{"embeddable":true,"href":"https:\/\/proad.ufpr.br\/centran\/wp-json\/wp\/v2\/users\/1760"}],"replies":[{"embeddable":true,"href":"https:\/\/proad.ufpr.br\/centran\/wp-json\/wp\/v2\/comments?post=608"}],"version-history":[{"count":3,"href":"https:\/\/proad.ufpr.br\/centran\/wp-json\/wp\/v2\/posts\/608\/revisions"}],"predecessor-version":[{"id":645,"href":"https:\/\/proad.ufpr.br\/centran\/wp-json\/wp\/v2\/posts\/608\/revisions\/645"}],"wp:attachment":[{"href":"https:\/\/proad.ufpr.br\/centran\/wp-json\/wp\/v2\/media?parent=608"}],"wp:term":[{"taxonomy":"category","embeddable":true,"href":"https:\/\/proad.ufpr.br\/centran\/wp-json\/wp\/v2\/categories?post=608"},{"taxonomy":"post_tag","embeddable":true,"href":"https:\/\/proad.ufpr.br\/centran\/wp-json\/wp\/v2\/tags?post=608"}],"curies":[{"name":"wp","href":"https:\/\/api.w.org\/{rel}","templated":true}]}}