{"id":580,"date":"2018-03-02T07:34:22","date_gmt":"2018-03-02T10:34:22","guid":{"rendered":"https:\/\/proad.ufpr.br\/centran\/?p=580"},"modified":"2018-03-02T07:42:18","modified_gmt":"2018-03-02T10:42:18","slug":"atualizacao-horarios-intercampi","status":"publish","type":"post","link":"https:\/\/proad.ufpr.br\/centran\/2018\/03\/02\/atualizacao-horarios-intercampi\/","title":{"rendered":"Atualiza\u00e7\u00e3o hor\u00e1rios Intercampi"},"content":{"rendered":"<p>Dando continuidade ao processo de implanta\u00e7\u00e3o da nova linha IV do Intercampi, informamos que ocorreram pequenas adapta\u00e7\u00f5es nos hor\u00e1rios das tr\u00eas linhas que circulam de segunda a sexta-feira. A principal mudan\u00e7a est\u00e1 na nomenclatura do ve\u00edculo extra da linha I que a partir de agora passa a se chamar apenas &#8220;Intercampi Extra&#8221; e far\u00e1 refor\u00e7o as demais linhas nos hor\u00e1rios de maior movimento.<\/p>\n<p>Planilhas j\u00e1 foram atualizadas e podem ser consultadas no link abaixo.<\/p>\n<p><a href=\"https:\/\/proad.ufpr.br\/centran\/files\/2018\/03\/Hor%C3%A1rios-Intercampi.pdf\">Hor\u00e1rios Intercampi<\/a><\/p>\n<p>&nbsp;<\/p>\n","protected":false},"excerpt":{"rendered":"<p>Dando continuidade ao processo de implanta\u00e7\u00e3o da nova linha IV do Intercampi, informamos que ocorreram pequenas adapta\u00e7\u00f5es nos hor\u00e1rios das tr\u00eas linhas que circulam de segunda a sexta-feira. A principal mudan\u00e7a est\u00e1 na nomenclatura do ve\u00edculo extra da linha I que a partir de agora passa a se chamar apenas &#8220;Intercampi Extra&#8221; e far\u00e1 refor\u00e7o [&hellip;]<\/p>\n","protected":false},"author":1760,"featured_media":0,"comment_status":"closed","ping_status":"closed","sticky":false,"template":"","format":"standard","meta":{"ngg_post_thumbnail":0,"footnotes":""},"categories":[3],"tags":[],"class_list":["post-580","post","type-post","status-publish","format-standard","hentry","category-central-de-transportes"],"_links":{"self":[{"href":"https:\/\/proad.ufpr.br\/centran\/wp-json\/wp\/v2\/posts\/580","targetHints":{"allow":["GET"]}}],"collection":[{"href":"https:\/\/proad.ufpr.br\/centran\/wp-json\/wp\/v2\/posts"}],"about":[{"href":"https:\/\/proad.ufpr.br\/centran\/wp-json\/wp\/v2\/types\/post"}],"author":[{"embeddable":true,"href":"https:\/\/proad.ufpr.br\/centran\/wp-json\/wp\/v2\/users\/1760"}],"replies":[{"embeddable":true,"href":"https:\/\/proad.ufpr.br\/centran\/wp-json\/wp\/v2\/comments?post=580"}],"version-history":[{"count":2,"href":"https:\/\/proad.ufpr.br\/centran\/wp-json\/wp\/v2\/posts\/580\/revisions"}],"predecessor-version":[{"id":582,"href":"https:\/\/proad.ufpr.br\/centran\/wp-json\/wp\/v2\/posts\/580\/revisions\/582"}],"wp:attachment":[{"href":"https:\/\/proad.ufpr.br\/centran\/wp-json\/wp\/v2\/media?parent=580"}],"wp:term":[{"taxonomy":"category","embeddable":true,"href":"https:\/\/proad.ufpr.br\/centran\/wp-json\/wp\/v2\/categories?post=580"},{"taxonomy":"post_tag","embeddable":true,"href":"https:\/\/proad.ufpr.br\/centran\/wp-json\/wp\/v2\/tags?post=580"}],"curies":[{"name":"wp","href":"https:\/\/api.w.org\/{rel}","templated":true}]}}