{"id":565,"date":"2018-02-07T12:26:09","date_gmt":"2018-02-07T15:26:09","guid":{"rendered":"https:\/\/proad.ufpr.br\/centran\/?p=565"},"modified":"2018-06-25T09:40:25","modified_gmt":"2018-06-25T12:40:25","slug":"nova-linha-inter-campi-iv","status":"publish","type":"post","link":"https:\/\/proad.ufpr.br\/centran\/2018\/02\/07\/nova-linha-inter-campi-iv\/","title":{"rendered":"Nova linha Intercampi IV"},"content":{"rendered":"<div>Informamos que desde\u00a0<span id=\"OBJ_PREFIX_DWT315_com_zimbra_date\" class=\"Object\">05\/02\/2018<\/span>\u00a0o Intercampi voltou a circular com as linhas I e II.<\/div>\n<div><\/div>\n<div>A partir do dia 15\/02\/2018 entrar\u00e1 em opera\u00e7\u00e3o,\u00a0em per\u00edodo de avalia\u00e7\u00e3o e adapta\u00e7\u00e3o, a nova linha Inter Campi IV, que passar\u00e1 atender com novos hor\u00e1rios o Departamento de Artes e demais Campi UFPR, atendendo assim, a demanda decorre da altera\u00e7\u00e3o do turno do Curso de Artes. Para essa linha ser\u00e1 utilizado o ve\u00edculo extra da linha Inter Campi II (com ajuste de rota e hor\u00e1rios).<\/div>\n<div><\/div>\n<div>Finalmente, a partir do dia 26\/02\/2018 o \u00f4nibus extra da linha I do Inter Campi volta a circular. O \u00f4nibus extra para a linha II passa a ser Inter Campi IV (com ajuste de rotas e hor\u00e1rios).<\/div>\n<div>A Linha III do Inter Campi (aos s\u00e1bados) j\u00e1 est\u00e1 funcionando normalmente e sem altera\u00e7\u00f5es.<\/div>\n<div><\/div>\n<div>Aproveitamos para lembrar que o objetivo do servi\u00e7o do Inter Campi \u00e9 direcionado aos alunos que, por exig\u00eancia curricular (ensino, pesquisa e extens\u00e3o)\u00a0 necessitem realizar estas atividades em mais de um Campi e precisam de deslocamento.<\/div>\n<div><\/div>\n<div>Para usar o servi\u00e7o \u00e9 obrigat\u00f3ria a apresenta\u00e7\u00e3o da carteirinha de estudante dentro da validade ou comprovante de inscri\u00e7\u00e3o igualmente dentro da validade juntamente com um documento oficial com foto.<\/div>\n<div><\/div>\n<div>Lembramos que em fun\u00e7\u00e3o da impossibilidade de estacionamento no SEPT, DeArtes e Comunica\u00e7\u00e3o, os hor\u00e1rios indicados para estes locais \u00e9 estimado podendo variar dependendo das condi\u00e7\u00f5es do tr\u00e2nsito.<\/div>\n<div><\/div>\n<div>Segue abaixo, link para a tabela dos hor\u00e1rios e pontos das quatro linhas do Inter Campi.<\/div>\n<div><\/div>\n<div><a href=\"https:\/\/proad.ufpr.br\/centran\/files\/2018\/03\/Hor\u00e1rios-Intercampi.pdf\">Hor\u00e1rio e rota das quatro linhas Inter Campi<\/a><\/div>\n<div><\/div>\n<div><\/div>\n<div>Atenciosamente<\/div>\n<div>CENTRAN<\/div>\n","protected":false},"excerpt":{"rendered":"<p>Informamos que desde\u00a005\/02\/2018\u00a0o Intercampi voltou a circular com as linhas I e II. A partir do dia 15\/02\/2018 entrar\u00e1 em opera\u00e7\u00e3o,\u00a0em per\u00edodo de avalia\u00e7\u00e3o e adapta\u00e7\u00e3o, a nova linha Inter Campi IV, que passar\u00e1 atender com novos hor\u00e1rios o Departamento de Artes e demais Campi UFPR, atendendo assim, a demanda decorre da altera\u00e7\u00e3o do turno [&hellip;]<\/p>\n","protected":false},"author":1760,"featured_media":0,"comment_status":"closed","ping_status":"closed","sticky":false,"template":"","format":"standard","meta":{"ngg_post_thumbnail":0,"footnotes":""},"categories":[3],"tags":[],"class_list":["post-565","post","type-post","status-publish","format-standard","hentry","category-central-de-transportes"],"_links":{"self":[{"href":"https:\/\/proad.ufpr.br\/centran\/wp-json\/wp\/v2\/posts\/565","targetHints":{"allow":["GET"]}}],"collection":[{"href":"https:\/\/proad.ufpr.br\/centran\/wp-json\/wp\/v2\/posts"}],"about":[{"href":"https:\/\/proad.ufpr.br\/centran\/wp-json\/wp\/v2\/types\/post"}],"author":[{"embeddable":true,"href":"https:\/\/proad.ufpr.br\/centran\/wp-json\/wp\/v2\/users\/1760"}],"replies":[{"embeddable":true,"href":"https:\/\/proad.ufpr.br\/centran\/wp-json\/wp\/v2\/comments?post=565"}],"version-history":[{"count":7,"href":"https:\/\/proad.ufpr.br\/centran\/wp-json\/wp\/v2\/posts\/565\/revisions"}],"predecessor-version":[{"id":646,"href":"https:\/\/proad.ufpr.br\/centran\/wp-json\/wp\/v2\/posts\/565\/revisions\/646"}],"wp:attachment":[{"href":"https:\/\/proad.ufpr.br\/centran\/wp-json\/wp\/v2\/media?parent=565"}],"wp:term":[{"taxonomy":"category","embeddable":true,"href":"https:\/\/proad.ufpr.br\/centran\/wp-json\/wp\/v2\/categories?post=565"},{"taxonomy":"post_tag","embeddable":true,"href":"https:\/\/proad.ufpr.br\/centran\/wp-json\/wp\/v2\/tags?post=565"}],"curies":[{"name":"wp","href":"https:\/\/api.w.org\/{rel}","templated":true}]}}