{"id":539,"date":"2017-08-23T10:18:36","date_gmt":"2017-08-23T13:18:36","guid":{"rendered":"https:\/\/proad.ufpr.br\/centran\/?p=539"},"modified":"2018-09-03T11:01:46","modified_gmt":"2018-09-03T14:01:46","slug":"horario-intercampi","status":"publish","type":"post","link":"https:\/\/proad.ufpr.br\/centran\/2017\/08\/23\/horario-intercampi\/","title":{"rendered":"HOR\u00c1RIO INTERCAMPI"},"content":{"rendered":"<p>Em fun\u00e7\u00e3o da impossibilidade de estacionamento no SEPT, De Artes e Comunica\u00e7\u00e3o, estes locais deixar\u00e3o de contar com um hor\u00e1rio fixo, o usu\u00e1rio do sistema dever\u00e1 verificar a \u00faltima parada anterior ao seu ponto e estimar o hor\u00e1rio do \u00f4nibus.<\/p>\n<p>Hor\u00e1rios na pr\u00e1tica continuam os mesmos, apenas foram melhor detalhados em rela\u00e7\u00e3o a chegada e sa\u00edda dos campi.<\/p>\n<p><a href=\"https:\/\/proad.ufpr.br\/centran\/files\/2018\/09\/4-linhas-inter-Campi-mais-EXTRA.pdf\">Hor\u00e1rios Intercampi<\/a><\/p>\n","protected":false},"excerpt":{"rendered":"<p>Em fun\u00e7\u00e3o da impossibilidade de estacionamento no SEPT, De Artes e Comunica\u00e7\u00e3o, estes locais deixar\u00e3o de contar com um hor\u00e1rio fixo, o usu\u00e1rio do sistema dever\u00e1 verificar a \u00faltima parada anterior ao seu ponto e estimar o hor\u00e1rio do \u00f4nibus. Hor\u00e1rios na pr\u00e1tica continuam os mesmos, apenas foram melhor detalhados em rela\u00e7\u00e3o a chegada e [&hellip;]<\/p>\n","protected":false},"author":1760,"featured_media":0,"comment_status":"closed","ping_status":"closed","sticky":false,"template":"","format":"standard","meta":{"ngg_post_thumbnail":0,"footnotes":""},"categories":[3],"tags":[],"class_list":["post-539","post","type-post","status-publish","format-standard","hentry","category-central-de-transportes"],"_links":{"self":[{"href":"https:\/\/proad.ufpr.br\/centran\/wp-json\/wp\/v2\/posts\/539","targetHints":{"allow":["GET"]}}],"collection":[{"href":"https:\/\/proad.ufpr.br\/centran\/wp-json\/wp\/v2\/posts"}],"about":[{"href":"https:\/\/proad.ufpr.br\/centran\/wp-json\/wp\/v2\/types\/post"}],"author":[{"embeddable":true,"href":"https:\/\/proad.ufpr.br\/centran\/wp-json\/wp\/v2\/users\/1760"}],"replies":[{"embeddable":true,"href":"https:\/\/proad.ufpr.br\/centran\/wp-json\/wp\/v2\/comments?post=539"}],"version-history":[{"count":10,"href":"https:\/\/proad.ufpr.br\/centran\/wp-json\/wp\/v2\/posts\/539\/revisions"}],"predecessor-version":[{"id":671,"href":"https:\/\/proad.ufpr.br\/centran\/wp-json\/wp\/v2\/posts\/539\/revisions\/671"}],"wp:attachment":[{"href":"https:\/\/proad.ufpr.br\/centran\/wp-json\/wp\/v2\/media?parent=539"}],"wp:term":[{"taxonomy":"category","embeddable":true,"href":"https:\/\/proad.ufpr.br\/centran\/wp-json\/wp\/v2\/categories?post=539"},{"taxonomy":"post_tag","embeddable":true,"href":"https:\/\/proad.ufpr.br\/centran\/wp-json\/wp\/v2\/tags?post=539"}],"curies":[{"name":"wp","href":"https:\/\/api.w.org\/{rel}","templated":true}]}}