{"id":486,"date":"2016-07-25T14:56:57","date_gmt":"2016-07-25T17:56:57","guid":{"rendered":"https:\/\/proad.ufpr.br\/centran\/?p=486"},"modified":"2016-07-25T14:56:57","modified_gmt":"2016-07-25T17:56:57","slug":"aos-motoristas-da-ufpr","status":"publish","type":"post","link":"https:\/\/proad.ufpr.br\/centran\/2016\/07\/25\/aos-motoristas-da-ufpr\/","title":{"rendered":"AOS MOTORISTAS DA UFPR"},"content":{"rendered":"<p><u>25 DE Julho \u2013 Dia do Motorista<\/u>. N\u00f3s, da Pr\u00f3-Reitoria de Administra\u00e7\u00e3o e da Dire\u00e7\u00e3o da CENTRAN, queremos parabenizar a todos os valorosos profissionais que, diariamente, conduzem servidores t\u00e9cnico-administrativos, docentes e estudantes da UFPR para todos os lugares de nossa cidade, Estado e pa\u00eds.<\/p>\n<p>Parab\u00e9ns a todos os motoristas e nossa gratid\u00e3o pela dedica\u00e7\u00e3o e empenho demonstrados ao longo dos \u00faltimos meses.<\/p>\n","protected":false},"excerpt":{"rendered":"<p>25 DE Julho \u2013 Dia do Motorista. N\u00f3s, da Pr\u00f3-Reitoria de Administra\u00e7\u00e3o e da Dire\u00e7\u00e3o da CENTRAN, queremos parabenizar a todos os valorosos profissionais que, diariamente, conduzem servidores t\u00e9cnico-administrativos, docentes e estudantes da UFPR para todos os lugares de nossa cidade, Estado e pa\u00eds. Parab\u00e9ns a todos os motoristas e nossa gratid\u00e3o pela dedica\u00e7\u00e3o e [&hellip;]<\/p>\n","protected":false},"author":8,"featured_media":0,"comment_status":"closed","ping_status":"closed","sticky":false,"template":"","format":"standard","meta":{"ngg_post_thumbnail":0,"footnotes":""},"categories":[3],"tags":[],"class_list":["post-486","post","type-post","status-publish","format-standard","hentry","category-central-de-transportes"],"_links":{"self":[{"href":"https:\/\/proad.ufpr.br\/centran\/wp-json\/wp\/v2\/posts\/486","targetHints":{"allow":["GET"]}}],"collection":[{"href":"https:\/\/proad.ufpr.br\/centran\/wp-json\/wp\/v2\/posts"}],"about":[{"href":"https:\/\/proad.ufpr.br\/centran\/wp-json\/wp\/v2\/types\/post"}],"author":[{"embeddable":true,"href":"https:\/\/proad.ufpr.br\/centran\/wp-json\/wp\/v2\/users\/8"}],"replies":[{"embeddable":true,"href":"https:\/\/proad.ufpr.br\/centran\/wp-json\/wp\/v2\/comments?post=486"}],"version-history":[{"count":2,"href":"https:\/\/proad.ufpr.br\/centran\/wp-json\/wp\/v2\/posts\/486\/revisions"}],"predecessor-version":[{"id":489,"href":"https:\/\/proad.ufpr.br\/centran\/wp-json\/wp\/v2\/posts\/486\/revisions\/489"}],"wp:attachment":[{"href":"https:\/\/proad.ufpr.br\/centran\/wp-json\/wp\/v2\/media?parent=486"}],"wp:term":[{"taxonomy":"category","embeddable":true,"href":"https:\/\/proad.ufpr.br\/centran\/wp-json\/wp\/v2\/categories?post=486"},{"taxonomy":"post_tag","embeddable":true,"href":"https:\/\/proad.ufpr.br\/centran\/wp-json\/wp\/v2\/tags?post=486"}],"curies":[{"name":"wp","href":"https:\/\/api.w.org\/{rel}","templated":true}]}}