{"id":309,"date":"2015-05-28T09:47:25","date_gmt":"2015-05-28T12:47:25","guid":{"rendered":"https:\/\/proad.ufpr.br\/centran\/?p=309"},"modified":"2015-05-28T09:47:25","modified_gmt":"2015-05-28T12:47:25","slug":"regras-basicas-para-melhor-utilizacao-dos-servicos-da-centran","status":"publish","type":"post","link":"https:\/\/proad.ufpr.br\/centran\/2015\/05\/28\/regras-basicas-para-melhor-utilizacao-dos-servicos-da-centran\/","title":{"rendered":"Regras b\u00e1sicas para melhor utiliza\u00e7\u00e3o dos servi\u00e7os da Centran"},"content":{"rendered":"<p>A Pr\u00f3-Reitoria de Administra\u00e7\u00e3o e a Central de Transportes, disponibilizam regras b\u00e1sicas para melhor utiliza\u00e7\u00e3o dos servi\u00e7os da Centran. (<a href=\"https:\/\/proad.ufpr.br\/wp-content\/uploads\/2015\/05\/Regras_Uso_Centran.pdf\">Clique aqui<\/a>)<\/p>\n","protected":false},"excerpt":{"rendered":"<p>A Pr\u00f3-Reitoria de Administra\u00e7\u00e3o e a Central de Transportes, disponibilizam regras b\u00e1sicas para melhor utiliza\u00e7\u00e3o dos servi\u00e7os da Centran. (Clique aqui)<\/p>\n","protected":false},"author":3,"featured_media":0,"comment_status":"closed","ping_status":"closed","sticky":false,"template":"","format":"standard","meta":{"ngg_post_thumbnail":0,"footnotes":""},"categories":[3],"tags":[],"class_list":["post-309","post","type-post","status-publish","format-standard","hentry","category-central-de-transportes"],"_links":{"self":[{"href":"https:\/\/proad.ufpr.br\/centran\/wp-json\/wp\/v2\/posts\/309","targetHints":{"allow":["GET"]}}],"collection":[{"href":"https:\/\/proad.ufpr.br\/centran\/wp-json\/wp\/v2\/posts"}],"about":[{"href":"https:\/\/proad.ufpr.br\/centran\/wp-json\/wp\/v2\/types\/post"}],"author":[{"embeddable":true,"href":"https:\/\/proad.ufpr.br\/centran\/wp-json\/wp\/v2\/users\/3"}],"replies":[{"embeddable":true,"href":"https:\/\/proad.ufpr.br\/centran\/wp-json\/wp\/v2\/comments?post=309"}],"version-history":[{"count":2,"href":"https:\/\/proad.ufpr.br\/centran\/wp-json\/wp\/v2\/posts\/309\/revisions"}],"predecessor-version":[{"id":311,"href":"https:\/\/proad.ufpr.br\/centran\/wp-json\/wp\/v2\/posts\/309\/revisions\/311"}],"wp:attachment":[{"href":"https:\/\/proad.ufpr.br\/centran\/wp-json\/wp\/v2\/media?parent=309"}],"wp:term":[{"taxonomy":"category","embeddable":true,"href":"https:\/\/proad.ufpr.br\/centran\/wp-json\/wp\/v2\/categories?post=309"},{"taxonomy":"post_tag","embeddable":true,"href":"https:\/\/proad.ufpr.br\/centran\/wp-json\/wp\/v2\/tags?post=309"}],"curies":[{"name":"wp","href":"https:\/\/api.w.org\/{rel}","templated":true}]}}