{"id":1120,"date":"2024-12-20T06:57:53","date_gmt":"2024-12-20T09:57:53","guid":{"rendered":"https:\/\/proad.ufpr.br\/centran\/?p=1120"},"modified":"2024-12-20T06:58:43","modified_gmt":"2024-12-20T09:58:43","slug":"funcionamento-das-linhas-intercampi-durante-o-periodo-de-ferias","status":"publish","type":"post","link":"https:\/\/proad.ufpr.br\/centran\/2024\/12\/20\/funcionamento-das-linhas-intercampi-durante-o-periodo-de-ferias\/","title":{"rendered":"Funcionamento das linhas Intercampi durante o per\u00edodo de f\u00e9rias"},"content":{"rendered":"\n<p>Comunicado:\u00a0<\/p>\n\n\n\n<p>Prezada comunidade UFPR,<\/p>\n\n\n\n<p>Informamos que o Intercampi F\u00e9rias come\u00e7a a circular no pr\u00f3ximo dia 23\/12\/2024, sendo a \u00fanica linha que funcionar\u00e1 at\u00e9 07\/03\/2025.<\/p>\n\n\n\n<p>Os Intercampis voltar\u00e3o a circular normalmente com o in\u00edcio do ano letivo em 10\/03\/2025.<\/p>\n\n\n\n<p>O Itiner\u00e1rio e hor\u00e1rios do Intercampi f\u00e9rias<\/p>\n\n\n\n<p>Itiner\u00e1rio e hor\u00e1rios do Intercampi F\u00e9rias est\u00e3o dispon\u00edveis na p\u00e1gina da CENTRAN atrav\u00e9s do link: <a href=\"https:\/\/proad.ufpr.br\/centran\/sobre\/onibus-intercampi\/\" data-type=\"page\" data-id=\"38\">\u00d4nibus Intercampi<\/a><\/p>\n\n\n\n<p>Desejamos aos discentes e demais servidores em f\u00e9rias um excelente per\u00edodo de descanso e renova\u00e7\u00e3o!<\/p>\n\n\n\n<p>As demais atividades da CENTRAN continuam sem interrup\u00e7\u00f5es.<\/p>\n\n\n\n<p>Atenciosamente,<\/p>\n\n\n\n<p>Equipe CENTRAN<\/p>\n","protected":false},"excerpt":{"rendered":"<p>Comunicado:\u00a0 Prezada comunidade UFPR, Informamos que o Intercampi F\u00e9rias come\u00e7a a circular no pr\u00f3ximo dia 23\/12\/2024, sendo a \u00fanica linha que funcionar\u00e1 at\u00e9 07\/03\/2025. Os Intercampis voltar\u00e3o a circular normalmente com o in\u00edcio do ano letivo em 10\/03\/2025. O Itiner\u00e1rio e hor\u00e1rios do Intercampi f\u00e9rias Itiner\u00e1rio e hor\u00e1rios do Intercampi F\u00e9rias est\u00e3o dispon\u00edveis na p\u00e1gina [&hellip;]<\/p>\n","protected":false},"author":1890,"featured_media":0,"comment_status":"closed","ping_status":"closed","sticky":false,"template":"","format":"standard","meta":{"ngg_post_thumbnail":0,"footnotes":""},"categories":[3],"tags":[],"class_list":["post-1120","post","type-post","status-publish","format-standard","hentry","category-central-de-transportes"],"_links":{"self":[{"href":"https:\/\/proad.ufpr.br\/centran\/wp-json\/wp\/v2\/posts\/1120","targetHints":{"allow":["GET"]}}],"collection":[{"href":"https:\/\/proad.ufpr.br\/centran\/wp-json\/wp\/v2\/posts"}],"about":[{"href":"https:\/\/proad.ufpr.br\/centran\/wp-json\/wp\/v2\/types\/post"}],"author":[{"embeddable":true,"href":"https:\/\/proad.ufpr.br\/centran\/wp-json\/wp\/v2\/users\/1890"}],"replies":[{"embeddable":true,"href":"https:\/\/proad.ufpr.br\/centran\/wp-json\/wp\/v2\/comments?post=1120"}],"version-history":[{"count":2,"href":"https:\/\/proad.ufpr.br\/centran\/wp-json\/wp\/v2\/posts\/1120\/revisions"}],"predecessor-version":[{"id":1125,"href":"https:\/\/proad.ufpr.br\/centran\/wp-json\/wp\/v2\/posts\/1120\/revisions\/1125"}],"wp:attachment":[{"href":"https:\/\/proad.ufpr.br\/centran\/wp-json\/wp\/v2\/media?parent=1120"}],"wp:term":[{"taxonomy":"category","embeddable":true,"href":"https:\/\/proad.ufpr.br\/centran\/wp-json\/wp\/v2\/categories?post=1120"},{"taxonomy":"post_tag","embeddable":true,"href":"https:\/\/proad.ufpr.br\/centran\/wp-json\/wp\/v2\/tags?post=1120"}],"curies":[{"name":"wp","href":"https:\/\/api.w.org\/{rel}","templated":true}]}}